{"@context":"https:\/\/schema.org\/","@type":"CollectionPage","@id":"https:\/\/www.mechurova.cz\/byznys\/#CollectionPage","headline":"Byznys Category","description":"","url":"https:\/\/www.mechurova.cz\/byznys\/","hasPart":[{"@type":"Article","@id":"https:\/\/www.mechurova.cz\/hostesky-profesionalni-prezentace-znacky-na-kazde-akci\/","headline":"Hostesky: profesion\u00e1ln\u00ed prezentace zna\u010dky na ka\u017ed\u00e9 akci","url":"https:\/\/www.mechurova.cz\/hostesky-profesionalni-prezentace-znacky-na-kazde-akci\/","datePublished":"2025-12-14","dateModified":"2025-12-14","mainEntityOfPage":"https:\/\/www.mechurova.cz\/hostesky-profesionalni-prezentace-znacky-na-kazde-akci\/","author":{"@type":"Person","@id":"https:\/\/www.mechurova.cz\/author\/#Person","name":"","url":"https:\/\/www.mechurova.cz\/author\/","identifier":1,"image":{"@type":"ImageObject","@id":"https:\/\/secure.gravatar.com\/avatar\/06473a178d94fb830b46e277369729e9534f2612e261ec2f1ee96b672ef473e2?s=96&d=mm&r=g","url":"https:\/\/secure.gravatar.com\/avatar\/06473a178d94fb830b46e277369729e9534f2612e261ec2f1ee96b672ef473e2?s=96&d=mm&r=g","height":96,"width":96}},"publisher":{"@type":"Organization","name":"mechurova.cz","logo":{"@type":"ImageObject","@id":"\/logo.png","url":"\/logo.png","width":600,"height":60}},"image":{"@type":"ImageObject","@id":"https:\/\/www.mechurova.cz\/wp-content\/uploads\/ChatGPT_Image_12._12._2025_21_55_16_30eL6M.png","url":"https:\/\/www.mechurova.cz\/wp-content\/uploads\/ChatGPT_Image_12._12._2025_21_55_16_30eL6M.png","height":0,"width":0},"keywords":null},{"@type":"Article","@id":"https:\/\/www.mechurova.cz\/svatba-v-brne-a-okoli-kde-najit-dokonale-misto-pro-svuj-velky-den\/","headline":"Svatba v Brn\u011b a okol\u00ed: Kde naj\u00edt dokonal\u00e9 m\u00edsto pro sv\u016fj velk\u00fd den","url":"https:\/\/www.mechurova.cz\/svatba-v-brne-a-okoli-kde-najit-dokonale-misto-pro-svuj-velky-den\/","datePublished":"2024-10-05","dateModified":"2024-10-05","mainEntityOfPage":"https:\/\/www.mechurova.cz\/svatba-v-brne-a-okoli-kde-najit-dokonale-misto-pro-svuj-velky-den\/","author":{"@type":"Person","@id":"https:\/\/www.mechurova.cz\/author\/#Person","name":"","url":"https:\/\/www.mechurova.cz\/author\/","identifier":1,"image":{"@type":"ImageObject","@id":"https:\/\/secure.gravatar.com\/avatar\/06473a178d94fb830b46e277369729e9534f2612e261ec2f1ee96b672ef473e2?s=96&d=mm&r=g","url":"https:\/\/secure.gravatar.com\/avatar\/06473a178d94fb830b46e277369729e9534f2612e261ec2f1ee96b672ef473e2?s=96&d=mm&r=g","height":96,"width":96}},"publisher":{"@type":"Organization","name":"mechurova.cz","logo":{"@type":"ImageObject","@id":"\/logo.png","url":"\/logo.png","width":600,"height":60}},"image":{"@type":"ImageObject","@id":"https:\/\/www.mechurova.cz\/wp-content\/uploads\/svatebni_fotograf_v_Brne_(3)_cHiQ4j.jpg","url":"https:\/\/www.mechurova.cz\/wp-content\/uploads\/svatebni_fotograf_v_Brne_(3)_cHiQ4j.jpg","height":0,"width":0},"keywords":null},{"@type":"Article","@id":"https:\/\/www.mechurova.cz\/video-a-facebook\/","headline":"Video a facebook","url":"https:\/\/www.mechurova.cz\/video-a-facebook\/","datePublished":"2023-02-24","dateModified":"2023-09-18","mainEntityOfPage":"https:\/\/www.mechurova.cz\/video-a-facebook\/","author":{"@type":"Person","@id":"https:\/\/www.mechurova.cz\/author\/#Person","name":"","url":"https:\/\/www.mechurova.cz\/author\/","identifier":1,"image":{"@type":"ImageObject","@id":"https:\/\/secure.gravatar.com\/avatar\/06473a178d94fb830b46e277369729e9534f2612e261ec2f1ee96b672ef473e2?s=96&d=mm&r=g","url":"https:\/\/secure.gravatar.com\/avatar\/06473a178d94fb830b46e277369729e9534f2612e261ec2f1ee96b672ef473e2?s=96&d=mm&r=g","height":96,"width":96}},"publisher":{"@type":"Organization","name":"mechurova.cz","logo":{"@type":"ImageObject","@id":"\/logo.png","url":"\/logo.png","width":600,"height":60}},"image":{"@type":"ImageObject","@id":"https:\/\/www.mechurova.cz\/wp-content\/uploads\/people-2570925_960_720.jpg","url":"https:\/\/www.mechurova.cz\/wp-content\/uploads\/people-2570925_960_720.jpg","height":0,"width":0},"keywords":null},{"@type":"Article","@id":"https:\/\/www.mechurova.cz\/jak-postupne-planovat-vasi-svatbu\/","headline":"Jak postupn\u011b pl\u00e1novat va\u0161i svatbu","url":"https:\/\/www.mechurova.cz\/jak-postupne-planovat-vasi-svatbu\/","datePublished":"2022-10-14","dateModified":"2023-05-02","mainEntityOfPage":"https:\/\/www.mechurova.cz\/jak-postupne-planovat-vasi-svatbu\/","author":{"@type":"Person","@id":"https:\/\/www.mechurova.cz\/author\/#Person","name":"","url":"https:\/\/www.mechurova.cz\/author\/","identifier":1,"image":{"@type":"ImageObject","@id":"https:\/\/secure.gravatar.com\/avatar\/06473a178d94fb830b46e277369729e9534f2612e261ec2f1ee96b672ef473e2?s=96&d=mm&r=g","url":"https:\/\/secure.gravatar.com\/avatar\/06473a178d94fb830b46e277369729e9534f2612e261ec2f1ee96b672ef473e2?s=96&d=mm&r=g","height":96,"width":96}},"publisher":{"@type":"Organization","name":"mechurova.cz","logo":{"@type":"ImageObject","@id":"\/logo.png","url":"\/logo.png","width":600,"height":60}},"image":{"@type":"ImageObject","@id":"https:\/\/www.mechurova.cz\/wp-content\/uploads\/pexels-jamal-yahyayev-10246939.jpg","url":"https:\/\/www.mechurova.cz\/wp-content\/uploads\/pexels-jamal-yahyayev-10246939.jpg","height":0,"width":0},"keywords":null},{"@type":"Article","@id":"https:\/\/www.mechurova.cz\/casto-kladene-otazky-o-psychoterapii\/","headline":"\u010casto kladen\u00e9 ot\u00e1zky o psychoterapii","url":"https:\/\/www.mechurova.cz\/casto-kladene-otazky-o-psychoterapii\/","datePublished":"2022-02-26","dateModified":"2023-05-02","mainEntityOfPage":"https:\/\/www.mechurova.cz\/casto-kladene-otazky-o-psychoterapii\/","author":{"@type":"Person","@id":"https:\/\/www.mechurova.cz\/author\/#Person","name":"","url":"https:\/\/www.mechurova.cz\/author\/","identifier":1,"image":{"@type":"ImageObject","@id":"https:\/\/secure.gravatar.com\/avatar\/06473a178d94fb830b46e277369729e9534f2612e261ec2f1ee96b672ef473e2?s=96&d=mm&r=g","url":"https:\/\/secure.gravatar.com\/avatar\/06473a178d94fb830b46e277369729e9534f2612e261ec2f1ee96b672ef473e2?s=96&d=mm&r=g","height":96,"width":96}},"publisher":{"@type":"Organization","name":"mechurova.cz","logo":{"@type":"ImageObject","@id":"\/logo.png","url":"\/logo.png","width":600,"height":60}},"image":{"@type":"ImageObject","@id":"https:\/\/www.mechurova.cz\/wp-content\/uploads\/jak_si_najit_psychoterapeuta_v_praze_a_jine_otazky_o_psychoterapii_i0l7Oh.jpg","url":"https:\/\/www.mechurova.cz\/wp-content\/uploads\/jak_si_najit_psychoterapeuta_v_praze_a_jine_otazky_o_psychoterapii_i0l7Oh.jpg","height":0,"width":0},"keywords":null},{"@type":"Article","@id":"https:\/\/www.mechurova.cz\/co-je-to-nezavazna-poptavka\/","headline":"Co je to nez\u00e1vazn\u00e1 popt\u00e1vka","url":"https:\/\/www.mechurova.cz\/co-je-to-nezavazna-poptavka\/","datePublished":"2021-10-18","dateModified":"2023-05-02","mainEntityOfPage":"https:\/\/www.mechurova.cz\/co-je-to-nezavazna-poptavka\/","author":{"@type":"Person","@id":"https:\/\/www.mechurova.cz\/author\/#Person","name":"","url":"https:\/\/www.mechurova.cz\/author\/","identifier":1,"image":{"@type":"ImageObject","@id":"https:\/\/secure.gravatar.com\/avatar\/06473a178d94fb830b46e277369729e9534f2612e261ec2f1ee96b672ef473e2?s=96&d=mm&r=g","url":"https:\/\/secure.gravatar.com\/avatar\/06473a178d94fb830b46e277369729e9534f2612e261ec2f1ee96b672ef473e2?s=96&d=mm&r=g","height":96,"width":96}},"publisher":{"@type":"Organization","name":"mechurova.cz","logo":{"@type":"ImageObject","@id":"\/logo.png","url":"\/logo.png","width":600,"height":60}},"image":{"@type":"ImageObject","@id":"https:\/\/www.mechurova.cz\/wp-content\/uploads\/nabidka1.png","url":"https:\/\/www.mechurova.cz\/wp-content\/uploads\/nabidka1.png","height":0,"width":0},"keywords":null},{"@type":"Article","@id":"https:\/\/www.mechurova.cz\/kdy-se-vyplati-profesionalni-predseda-svj\/","headline":"Kdy se vyplat\u00ed profesion\u00e1ln\u00ed p\u0159edseda SVJ?","url":"https:\/\/www.mechurova.cz\/kdy-se-vyplati-profesionalni-predseda-svj\/","datePublished":"2021-09-12","dateModified":"2023-05-02","mainEntityOfPage":"https:\/\/www.mechurova.cz\/kdy-se-vyplati-profesionalni-predseda-svj\/","author":{"@type":"Person","@id":"https:\/\/www.mechurova.cz\/author\/#Person","name":"","url":"https:\/\/www.mechurova.cz\/author\/","identifier":1,"image":{"@type":"ImageObject","@id":"https:\/\/secure.gravatar.com\/avatar\/06473a178d94fb830b46e277369729e9534f2612e261ec2f1ee96b672ef473e2?s=96&d=mm&r=g","url":"https:\/\/secure.gravatar.com\/avatar\/06473a178d94fb830b46e277369729e9534f2612e261ec2f1ee96b672ef473e2?s=96&d=mm&r=g","height":96,"width":96}},"publisher":{"@type":"Organization","name":"mechurova.cz","logo":{"@type":"ImageObject","@id":"\/logo.png","url":"\/logo.png","width":600,"height":60}},"image":{"@type":"ImageObject","@id":"https:\/\/www.mechurova.cz\/wp-content\/uploads\/panelak7.jpg","url":"https:\/\/www.mechurova.cz\/wp-content\/uploads\/panelak7.jpg","height":0,"width":0},"keywords":null},{"@type":"Article","@id":"https:\/\/www.mechurova.cz\/pece-o-vase-zuby\/","headline":"P\u00e9\u010de o Va\u0161e zuby","url":"https:\/\/www.mechurova.cz\/pece-o-vase-zuby\/","datePublished":"2021-06-10","dateModified":"2023-05-02","mainEntityOfPage":"https:\/\/www.mechurova.cz\/pece-o-vase-zuby\/","author":{"@type":"Person","@id":"https:\/\/www.mechurova.cz\/author\/#Person","name":"","url":"https:\/\/www.mechurova.cz\/author\/","identifier":1,"image":{"@type":"ImageObject","@id":"https:\/\/secure.gravatar.com\/avatar\/06473a178d94fb830b46e277369729e9534f2612e261ec2f1ee96b672ef473e2?s=96&d=mm&r=g","url":"https:\/\/secure.gravatar.com\/avatar\/06473a178d94fb830b46e277369729e9534f2612e261ec2f1ee96b672ef473e2?s=96&d=mm&r=g","height":96,"width":96}},"publisher":{"@type":"Organization","name":"mechurova.cz","logo":{"@type":"ImageObject","@id":"\/logo.png","url":"\/logo.png","width":600,"height":60}},"image":{"@type":"ImageObject","@id":"https:\/\/www.mechurova.cz\/wp-content\/uploads\/Zuba%C5%99_1.jpg","url":"https:\/\/www.mechurova.cz\/wp-content\/uploads\/Zuba%C5%99_1.jpg","height":0,"width":0},"keywords":null},{"@type":"Article","@id":"https:\/\/www.mechurova.cz\/nad-strachem-se-da-zvitezit\/","headline":"Nad strachem se d\u00e1 zv\u00edt\u011bzit","url":"https:\/\/www.mechurova.cz\/nad-strachem-se-da-zvitezit\/","datePublished":"2020-12-07","dateModified":"2023-09-02","mainEntityOfPage":"https:\/\/www.mechurova.cz\/nad-strachem-se-da-zvitezit\/","author":{"@type":"Person","@id":"https:\/\/www.mechurova.cz\/author\/#Person","name":"","url":"https:\/\/www.mechurova.cz\/author\/","identifier":1,"image":{"@type":"ImageObject","@id":"https:\/\/secure.gravatar.com\/avatar\/06473a178d94fb830b46e277369729e9534f2612e261ec2f1ee96b672ef473e2?s=96&d=mm&r=g","url":"https:\/\/secure.gravatar.com\/avatar\/06473a178d94fb830b46e277369729e9534f2612e261ec2f1ee96b672ef473e2?s=96&d=mm&r=g","height":96,"width":96}},"publisher":{"@type":"Organization","name":"mechurova.cz","logo":{"@type":"ImageObject","@id":"\/logo.png","url":"\/logo.png","width":600,"height":60}},"image":{"@type":"ImageObject","@id":"https:\/\/www.mechurova.cz\/wp-content\/uploads\/psycholobie_EFa3pt.jpg","url":"https:\/\/www.mechurova.cz\/wp-content\/uploads\/psycholobie_EFa3pt.jpg","height":0,"width":0},"keywords":null},{"@type":"Article","@id":"https:\/\/www.mechurova.cz\/zamestnani-budoucnosti-jak-se-stat-virtualni-asistentkou\/","headline":"Zam\u011bstn\u00e1n\u00ed budoucnosti: Jak se st\u00e1t virtu\u00e1ln\u00ed asistentkou?","url":"https:\/\/www.mechurova.cz\/zamestnani-budoucnosti-jak-se-stat-virtualni-asistentkou\/","datePublished":"2020-11-05","dateModified":"2023-08-23","mainEntityOfPage":"https:\/\/www.mechurova.cz\/zamestnani-budoucnosti-jak-se-stat-virtualni-asistentkou\/","author":{"@type":"Person","@id":"https:\/\/www.mechurova.cz\/author\/#Person","name":"","url":"https:\/\/www.mechurova.cz\/author\/","identifier":1,"image":{"@type":"ImageObject","@id":"https:\/\/secure.gravatar.com\/avatar\/06473a178d94fb830b46e277369729e9534f2612e261ec2f1ee96b672ef473e2?s=96&d=mm&r=g","url":"https:\/\/secure.gravatar.com\/avatar\/06473a178d94fb830b46e277369729e9534f2612e261ec2f1ee96b672ef473e2?s=96&d=mm&r=g","height":96,"width":96}},"publisher":{"@type":"Organization","name":"mechurova.cz","logo":{"@type":"ImageObject","@id":"\/logo.png","url":"\/logo.png","width":600,"height":60}},"image":{"@type":"ImageObject","@id":"https:\/\/www.mechurova.cz\/wp-content\/uploads\/img_a389314_w3853_t1605015681.jpg","url":"https:\/\/www.mechurova.cz\/wp-content\/uploads\/img_a389314_w3853_t1605015681.jpg","height":0,"width":0},"keywords":null}]}