[{"@context":"https:\/\/schema.org\/","@type":"Article","@id":"https:\/\/www.mechurova.cz\/cim-zlepsit-pracovni-prostredi\/#Article","mainEntityOfPage":"https:\/\/www.mechurova.cz\/cim-zlepsit-pracovni-prostredi\/","headline":"\u010c\u00edm zlep\u0161it pracovn\u00ed prost\u0159ed\u00ed","name":"\u010c\u00edm zlep\u0161it pracovn\u00ed prost\u0159ed\u00ed","description":"Nec\u00edt\u00edte se v\u00a0pr\u00e1ci v\u00a0pohod\u011b? Chyb\u00ed v\u00e1m tam n\u011bco? Nechod\u00edte do sv\u00e9 kancel\u00e1\u0159e r\u00e1di? P\u0159esta\u0148te se vymlouvat a zkuste s\u00a0t\u00edm n\u011bco ud\u011blat. Sta\u010d\u00ed zm\u011bnit n\u011bkolik...","datePublished":"2019-10-08","dateModified":"2023-05-02","author":{"@type":"Person","@id":"https:\/\/www.mechurova.cz\/author\/#Person","name":"","url":"https:\/\/www.mechurova.cz\/author\/","identifier":1,"image":{"@type":"ImageObject","@id":"https:\/\/secure.gravatar.com\/avatar\/06473a178d94fb830b46e277369729e9534f2612e261ec2f1ee96b672ef473e2?s=96&d=mm&r=g","url":"https:\/\/secure.gravatar.com\/avatar\/06473a178d94fb830b46e277369729e9534f2612e261ec2f1ee96b672ef473e2?s=96&d=mm&r=g","height":96,"width":96}},"publisher":{"@type":"Organization","name":"mechurova.cz","logo":{"@type":"ImageObject","@id":"\/logo.png","url":"\/logo.png","width":600,"height":60}},"image":{"@type":"ImageObject","@id":"https:\/\/www.mechurova.cz\/wp-content\/uploads\/img_a357580_w3853_t1572110999.jpg","url":"https:\/\/www.mechurova.cz\/wp-content\/uploads\/img_a357580_w3853_t1572110999.jpg","height":0,"width":0},"url":"https:\/\/www.mechurova.cz\/cim-zlepsit-pracovni-prostredi\/","about":["Byznys"],"wordCount":434,"articleBody":"Nec\u00edt\u00edte se v\u00a0pr\u00e1ci v\u00a0pohod\u011b? Chyb\u00ed v\u00e1m tam n\u011bco? Nechod\u00edte do sv\u00e9 kancel\u00e1\u0159e r\u00e1di? P\u0159esta\u0148te se vymlouvat a zkuste s\u00a0t\u00edm n\u011bco ud\u011blat. Sta\u010d\u00ed zm\u011bnit n\u011bkolik detail\u016f, abyste se ve va\u0161\u00ed kancel\u00e1\u0159i za\u010dali c\u00edtit mnohem l\u00e9pe.\tZeptejte se na n\u00e1zor veden\u00ed\tV\u00e1\u0161 zam\u011bstnavatel by byl pravd\u011bpodobn\u011b nejrad\u0161i, kdybyste ve sv\u00e9 kancel\u00e1\u0159i sed\u011bli u pr\u00e1zdn\u00e9ho stolu a mezi hol\u00fdmi zdmi. V\u00a0n\u011bkter\u00fdch firm\u00e1ch je dokonce stanoven z\u00e1kaz kv\u011btin, fotografi\u00ed a jin\u00fdch osobn\u00edch v\u011bc\u00ed v\u00a0kancel\u00e1\u0159i. Ale co kdy\u017e veden\u00ed \u0159eknete, \u017ee se d\u00edky tomu zvedne va\u0161e produktivita? Podlo\u017eit toto tvrzen\u00ed v\u00fdzkumem, kter\u00fd ned\u00e1vno zve\u0159ejnil americk\u00fd \u010dasopis Forbes, se p\u0159\u00edmo nab\u00edz\u00ed.\t\tNechte promluvit va\u0161i osobnost\tPokud m\u00e1te ze shora zelenou, m\u016f\u017eete se pustit do realizace va\u0161eho n\u00e1padu. Rozesa\u010fte kv\u011btiny, kter\u00e9 doma m\u00e1te, a vezm\u011bte n\u011bjak\u00e9 do pr\u00e1ce. Kdy\u017e k\u00a0tomu budete v\u00a0kancel\u00e1\u0159i \u010dast\u011bji v\u011btrat, je zaru\u010den\u00e9, \u017ee se v\u00e1m bude pracovat l\u00e9pe. Tak\u00e9 neru\u0161iv\u00e1 dekorace by va\u0161i kancel\u00e1\u0159 mohla velmi z\u00fatulnit. Hlavn\u011b se nejprve zeptejte na n\u00e1zor i sv\u00fdch koleg\u016f. Na zlep\u0161en\u00ed pracovn\u00edho prost\u0159ed\u00ed byste m\u011bli pracovat spole\u010dn\u011b. Potom se m\u016f\u017eete zam\u011b\u0159it na pracovn\u00ed plochu, kter\u00e1 pat\u0159\u00ed pouze v\u00e1m \u2013 obvykle v\u00e1\u0161 st\u016fl a po\u010d\u00edta\u010d.\t\tN\u011bco mal\u00e9ho, na \u010dem v\u00e1m z\u00e1le\u017e\u00ed\tDo pr\u00e1ce chod\u00edte hlavn\u011b pracovat. Proto personalizaci sv\u00e9ho pracovi\u0161t\u011b nep\u0159eh\u00e1n\u011bjte. Sta\u010d\u00ed jedna nebo dv\u011b mali\u010dkosti, kter\u00e9 v\u00e1m zlep\u0161\u00ed den. Zar\u00e1movan\u00e1 fotka rodiny, kv\u011btina \u010di obr\u00e1zek od va\u0161ich d\u011bt\u00ed. M\u00edt na sv\u00e9 pracovn\u00ed plo\u0161e n\u00e1nos osobn\u00edch v\u011bc\u00ed nepot\u011b\u0161\u00ed ani v\u00e1s, ani va\u0161e veden\u00ed. Pokud nav\u00edc pracujete v\u00a0otev\u0159en\u00e9 kancel\u00e1\u0159i, va\u0161e kolegy mohou takov\u00e9 v\u011bci vyru\u0161ovat a mohou kv\u016fli nim ztr\u00e1cet koncentraci. Proto p\u0159i p\u0159ed\u011bl\u00e1v\u00e1n\u00ed va\u0161\u00ed pracovn\u00ed plochy myslete i na n\u011b.\tSv\u016fj pracovn\u00ed po\u010d\u00edta\u010d m\u016f\u017eete o\u017eivit nap\u0159\u00edklad samolepkou, kter\u00e1 je na po\u010d\u00edta\u010d p\u0159\u00edmo d\u011bl\u00e1na. Tak\u00e9 je hezk\u00e9 m\u00edt v\u00a0pr\u00e1ci v\u011bci, kter\u00e9 dodaj\u00ed dobrou n\u00e1ladu. Dobrou volbou m\u016f\u017ee b\u00fdt t\u0159eba di\u00e1\u0159 s\u00a0cit\u00e1ty nebo zamy\u0161len\u00edmi na ka\u017ed\u00fd den.                                                                                                                                                                                                                                                                                                                                                                                        5\/5 - (6 votes)        "},{"@context":"https:\/\/schema.org\/","@type":"BreadcrumbList","itemListElement":[{"@type":"ListItem","position":1,"name":"\u010c\u00edm zlep\u0161it pracovn\u00ed prost\u0159ed\u00ed","item":"https:\/\/www.mechurova.cz\/cim-zlepsit-pracovni-prostredi\/#breadcrumbitem"}]}]