[{"@context":"https:\/\/schema.org\/","@type":"Article","@id":"https:\/\/www.mechurova.cz\/nebojte-se-neprizne-pocasi\/#Article","mainEntityOfPage":"https:\/\/www.mechurova.cz\/nebojte-se-neprizne-pocasi\/","headline":"Nebojte se nep\u0159\u00edzn\u011b po\u010das\u00ed","name":"Nebojte se nep\u0159\u00edzn\u011b po\u010das\u00ed","description":"\u010clov\u011bk, kter\u00fd po\u0159\u00e1d\u00e1 n\u011bjakou akci pod \u0161ir\u00fdm nebem, si d\u011bl\u00e1 obvykle stejn\u00e9 starosti jako ten, kdo uspo\u0159\u00e1d\u00e1 podobnou akci v n\u011bjak\u00e9m objektu. Ale odli\u0161nosti...","datePublished":"2023-05-22","dateModified":"2023-05-26","author":{"@type":"Person","@id":"https:\/\/www.mechurova.cz\/author\/#Person","name":"","url":"https:\/\/www.mechurova.cz\/author\/","identifier":1,"image":{"@type":"ImageObject","@id":"https:\/\/secure.gravatar.com\/avatar\/06473a178d94fb830b46e277369729e9534f2612e261ec2f1ee96b672ef473e2?s=96&d=mm&r=g","url":"https:\/\/secure.gravatar.com\/avatar\/06473a178d94fb830b46e277369729e9534f2612e261ec2f1ee96b672ef473e2?s=96&d=mm&r=g","height":96,"width":96}},"publisher":{"@type":"Organization","name":"mechurova.cz","logo":{"@type":"ImageObject","@id":"\/logo.png","url":"\/logo.png","width":600,"height":60}},"image":{"@type":"ImageObject","@id":"https:\/\/www.mechurova.cz\/wp-content\/uploads\/ssss_5.jpg","url":"https:\/\/www.mechurova.cz\/wp-content\/uploads\/ssss_5.jpg","height":0,"width":0},"url":"https:\/\/www.mechurova.cz\/nebojte-se-neprizne-pocasi\/","about":["V\u00fdrobky"],"wordCount":425,"articleBody":"    \u010clov\u011bk, kter\u00fd po\u0159\u00e1d\u00e1 n\u011bjakou akci pod \u0161ir\u00fdm nebem, si d\u011bl\u00e1 obvykle stejn\u00e9 starosti jako ten, kdo uspo\u0159\u00e1d\u00e1 podobnou akci v n\u011bjak\u00e9m objektu. Ale odli\u0161nosti tu p\u0159ece jenom jsou. Ten, kdo se rozhodl pro akci venku, si nemus\u00ed d\u011blat tolik starost\u00ed se zaji\u0161t\u011bn\u00edm dostatku prostoru nebo s \u00faklidem, zat\u00edmco toho, kdo dal p\u0159ednost interi\u00e9ru, nemus\u00ed pro zm\u011bnu vzru\u0161ovat to, jak\u00e9 zrovna bude po\u010das\u00ed. A zat\u00edmco ten, kdo po\u0159\u00e1d\u00e1 svoji akci n\u011bkde uvnit\u0159, m\u016f\u017ee nakonec v\u0161echny komplikace zvl\u00e1dnout vlastn\u00edmi silami, u toho, kdo po\u0159\u00e1d\u00e1 dejme tomu n\u011bjakou akci na sv\u00e9 zahrad\u011b, je to slo\u017eit\u011bj\u0161\u00ed. Ten prost\u011b nem\u016f\u017ee jenom tak nastavit po\u010das\u00ed tak, aby mu vyhovovalo, ten si nem\u016f\u017ee objednat nebe bez mr\u00e1\u010dku a kraj zalit\u00fd sluncem.   A tak se prost\u011b n\u011bkdy m\u016f\u017ee st\u00e1t, \u017ee se venkovn\u00ed ud\u00e1lost zrovna moc nevyvede. I kdyby p\u0159edpov\u011b\u010f po\u010das\u00ed slibovala ide\u00e1ln\u00ed podm\u00ednky, sta\u010d\u00ed klidn\u011b i jenom pouh\u00e1 slab\u00e1 p\u0159eh\u00e1\u0148ka a v\u0161echno je poka\u017een\u00e9. Ob\u010derstven\u00ed se rozmo\u010d\u00ed, n\u00e1bytek venku zmokne, v\u0161ude jsou kalu\u017ee, a to potom nejsou podm\u00ednky pro u\u017e\u00edv\u00e1n\u00ed si. Ale na\u0161t\u011bst\u00ed i proti takov\u00fdm nep\u0159\u00edjemnostem obrana existuje. D\u00e1 se za\u0159\u00eddit, aby ani nep\u0159\u00edze\u0148 po\u010das\u00ed n\u011bjakou tu venkovn\u00ed ud\u00e1lost nepokazila. A jak se to d\u00e1 zajistit? P\u0159ece tak, \u017ee si organiz\u00e1tor v\u010das zajist\u00ed stany extrem. Co\u017e m\u016f\u017ee b\u00fdt n\u011bkdy v\u00edce ne\u017e u\u017eite\u010dn\u00e9 \u0159e\u0161en\u00ed probl\u00e9m\u016f, kter\u00e9 m\u016f\u017ee vyvolat \u0161patn\u00e9 po\u010das\u00ed.  Proto\u017ee co se d\u00e1 s takov\u00fdm stanem d\u011blat? Ten se d\u00e1 postavit na m\u00edsto, kde uveden\u00e1 akce prob\u00edh\u00e1, v\u0161echno se d\u00e1 p\u0159ipravit pod t\u00edmto, a pak u\u017e se v\u0161echno m\u016f\u017ee vyda\u0159it, i kdyby se venku, jak se \u0159\u00edk\u00e1, \u010derti \u017eenili. Pod takov\u00fdmi stany prost\u011b prob\u011bhne akce venku v\u017edycky \u00fasp\u011b\u0161n\u011b. Ty se postaraj\u00ed, aby v\u0161e, co m\u00e1 b\u00fdt ochr\u00e1n\u011bno, z\u016fstalo v suchu, a aby to t\u0159eba ani nerozfoukal v\u00edtr. A je tedy pochopiteln\u00e9, \u017ee by si m\u011bl ka\u017ed\u00fd organiz\u00e1tor n\u011bjak\u00e9 akce pod \u0161ir\u00fdm nebem pr\u00e1v\u011b takov\u00e9 stany v\u010das sehnat. D\u00edky nim se toti\u017e nebude muset v\u016fbec starat, jak\u00e9 b\u011bhem akce p\u0159ijde po\u010das\u00ed.                                                                                                                                                                                                                                                                                                                                                                                          3.4\/5 - (5 votes)        "},{"@context":"https:\/\/schema.org\/","@type":"BreadcrumbList","itemListElement":[{"@type":"ListItem","position":1,"name":"Nebojte se nep\u0159\u00edzn\u011b po\u010das\u00ed","item":"https:\/\/www.mechurova.cz\/nebojte-se-neprizne-pocasi\/#breadcrumbitem"}]}]