[{"@context":"https:\/\/schema.org\/","@type":"Article","@id":"https:\/\/www.mechurova.cz\/podle-ceho-vybirat-nabytek\/#Article","mainEntityOfPage":"https:\/\/www.mechurova.cz\/podle-ceho-vybirat-nabytek\/","headline":"Podle \u010deho vyb\u00edrat n\u00e1bytek","name":"Podle \u010deho vyb\u00edrat n\u00e1bytek","description":"Jestli\u017ee se rozhodneme zakoupit si nov\u00fd n\u00e1bytek do sv\u00e9ho domova, pak v\u011bt\u0161inou mus\u00edme v\u0161e hodn\u011b dob\u0159e promyslet. N\u00e1bytek nepat\u0159\u00ed k vybaven\u00ed, kter\u00e9 m\u011bn\u00edme ka\u017ed\u00fd...","datePublished":"2023-05-15","dateModified":"2023-05-22","author":{"@type":"Person","@id":"https:\/\/www.mechurova.cz\/author\/#Person","name":"","url":"https:\/\/www.mechurova.cz\/author\/","identifier":1,"image":{"@type":"ImageObject","@id":"https:\/\/secure.gravatar.com\/avatar\/06473a178d94fb830b46e277369729e9534f2612e261ec2f1ee96b672ef473e2?s=96&d=mm&r=g","url":"https:\/\/secure.gravatar.com\/avatar\/06473a178d94fb830b46e277369729e9534f2612e261ec2f1ee96b672ef473e2?s=96&d=mm&r=g","height":96,"width":96}},"publisher":{"@type":"Organization","name":"mechurova.cz","logo":{"@type":"ImageObject","@id":"\/logo.png","url":"\/logo.png","width":600,"height":60}},"image":{"@type":"ImageObject","@id":"https:\/\/www.mechurova.cz\/wp-content\/uploads\/zidle_LmTb9A.jpg","url":"https:\/\/www.mechurova.cz\/wp-content\/uploads\/zidle_LmTb9A.jpg","height":0,"width":0},"url":"https:\/\/www.mechurova.cz\/podle-ceho-vybirat-nabytek\/","about":["V\u00fdrobky"],"wordCount":844,"articleBody":"       Jestli\u017ee se rozhodneme zakoupit si nov\u00fd n\u00e1bytek do sv\u00e9ho domova, pak v\u011bt\u0161inou mus\u00edme v\u0161e hodn\u011b dob\u0159e promyslet. N\u00e1bytek nepat\u0159\u00ed k vybaven\u00ed, kter\u00e9 m\u011bn\u00edme ka\u017ed\u00fd rok. Proto od n\u011bho budeme vy\u017eadovat nejen, aby dokonale ladil s cel\u00fdm interi\u00e9rem, ale tak\u00e9 aby byl kvalitn\u00ed a odoln\u00fd. Jednou z nejd\u016fle\u017eit\u011bj\u0161\u00edch sou\u010d\u00e1st\u00ed bytov\u00e9ho vybaven\u00ed jsou \u017eidle https:\/\/www.tmnabytek.cz\/nabytek\/zidle. Ty nach\u00e1zej\u00ed sv\u00e9 uplatn\u011bn\u00ed v kuchyni, v j\u00eddeln\u011b, ob\u00fdvac\u00edm pokoji a v dal\u0161\u00edch m\u00edstnostech. U \u017eidle, kter\u00e1 bude v\u00edce vyu\u017e\u00edvan\u00e1, bude tak\u00e9 d\u016fle\u017eit\u00e1 jej\u00ed ergonomie a komfort p\u0159i sezen\u00ed. Trochu n\u00e1ro\u010dn\u011bj\u0161\u00ed je v\u00fdb\u011br \u017eidl\u00ed pro celou rodinu.   Podle \u010deho se tedy p\u0159i v\u00fdb\u011bru \u017eidl\u00ed \u0159\u00eddit? Odborn\u00edci rad\u00ed p\u0159izp\u016fsobit v\u00fdb\u011br podle osoby s men\u0161\u00ed postavou. Vy\u0161\u0161\u00ed \u010dlov\u011bk bude moci sed\u011bt na ni\u017e\u0161\u00ed \u017eidli celkem pohodln\u011b. Naopak to ale bude probl\u00e9m. Pokud bychom si to m\u011bli popsat p\u0159esn\u011bji, pak v\u00fd\u0161ka sedac\u00ed plochy m\u00e1 b\u00fdt o m\u00e1lo men\u0161\u00ed ne\u017eli d\u00e9lka nohy po koleno. Tvar sedadla m\u016f\u017ee b\u00fdt rovn\u00fd, ale v\u00edce pohodl\u00ed p\u0159in\u00e1\u0161\u00ed m\u00edrn\u00e9 zaoblen\u00ed. V modern\u011b za\u0159\u00edzen\u00fdch bytech se st\u00e1le v\u00edce objevuj\u00ed obl\u00edben\u00e9 barov\u00e9 \u017eidle. Ty jsou v\u011bt\u0161inou ur\u010den\u00e9 pro kr\u00e1tkodob\u00e9 sezen\u00ed. Barovou \u017eidli vyb\u00edrejte v z\u00e1vislosti na v\u00fd\u0161ce barov\u00e9ho pultu. Pro pohodl\u00ed p\u0159i sezen\u00ed by m\u011blo b\u00fdt sedadlo barov\u00e9 \u017eidle nejm\u00e9n\u011b o 20 cm ni\u017e\u0161\u00ed ne\u017e deska barov\u00e9ho pultu. Jestli\u017ee hled\u00e1te kompromis mezi klasickou a barovou \u017eidl\u00ed, pak by v\u00e1s mohla oslovit polovysok\u00e1 \u017eidle. Ty nach\u00e1zej\u00ed sv\u00e9 m\u00edsto u vy\u0161\u0161\u00edch stol\u016f barov\u00e9ho typu. V sou\u010dasn\u00e9 dob\u011b je nab\u00eddka \u017eidl\u00ed v\u0161ech druh\u016f, barev a designov\u00e9ho zpracov\u00e1n\u00ed natolik \u0161irok\u00e1, \u017ee nen\u00ed probl\u00e9m vybrat si p\u0159esn\u011b podle sv\u00fdch p\u0159edstav. Jakou barvu k\u0159esla? Je to jednoduch\u00e9 O pohodln\u00e9 sezen\u00ed p\u0159i relaxaci nebo sledov\u00e1n\u00ed obl\u00edben\u00e9ho po\u0159adu v televizi se postar\u00e1 k\u0159eslo. Jestli\u017ee si nechcete nap\u0159\u00edklad z d\u016fvodu nedostatku prostoru po\u0159izovat celou sedac\u00ed soupravu, je mo\u017en\u00e9 si vybrat pouze jedno k\u0159eslo pro svou osobn\u00ed pot\u0159ebu. V tomto p\u0159\u00edpad\u011b je vhodn\u00e9 vyb\u00edrat barvu, kter\u00e1 pat\u0159\u00ed k univerz\u00e1ln\u00edm v ohledu na ostatn\u00ed n\u00e1bytek a za\u0159\u00edzen\u00ed. Ide\u00e1ln\u00ed volbou je b\u00e9\u017eov\u00e9 k\u0159eslo https:\/\/www.tmnabytek.cz\/nabytek\/kresla\/barva-calouneni\/bezova. B\u00e9\u017eov\u00e1 bude dokonale ladit k p\u0159\u00edrodn\u00edm materi\u00e1l\u016fm, keramice, sklu i kovov\u00e9mu n\u00e1bytku. B\u00e9\u017eov\u00e9 k\u0159eslo si skv\u011ble \u201esedne\u201c jak s pastelov\u00fdmi barvami, tak i s tmav\u011b \u0161edou, \u010dernou \u010di b\u00edlou. Tato barva je pova\u017eov\u00e1na za symbol nad\u010dasovosti, rovnov\u00e1hy a klidu. Dobr\u00e1 zpr\u00e1va \u2013 komody jsou zp\u011bt Do na\u0161ich domov\u016f se postupn\u011b vrac\u00ed jeden d\u0159\u00edve velmi obl\u00edben\u00fd prvek, kter\u00fdm je komoda. Je to velice praktick\u00fd n\u00e1bytek, kter\u00fd spln\u00ed hned n\u011bkolik po\u017eadavk\u016f. Nejen, \u017ee sk\u00fdt\u00e1 dostatek \u00falo\u017en\u00e9ho prostoru, ale tak\u00e9 m\u016f\u017ee slou\u017eit jako odkl\u00e1dac\u00ed stolek nebo podstavec pod kv\u011btin\u00e1\u010d. Komodu vyb\u00edrejte podle toho, co do n\u00ed budete ukl\u00e1dat a v jak\u00e9 m\u00edstnosti bude instalov\u00e1na. Nejprve se tedy zam\u011b\u0159\u00edme na rozm\u011br komody. Vysokou, \u00fazkou komodu s men\u0161\u00ed hloubkou budeme vyb\u00edrat do m\u00e9n\u011b prostorn\u00e9 m\u00edstnosti. Tou mohou b\u00fdt p\u0159eds\u00edn\u011b nebo koupelny. Robustn\u011bj\u0161\u00ed komoda vynikne v lo\u017enici \u010di ob\u00fdvac\u00edm pokoji.   Policov\u00e9 nebo dv\u00ed\u0159kov\u00e9? Dal\u0161\u00edm parametrem bude typ komody. Komody mohou b\u00fdt vybaven\u00e9 policemi, z\u00e1suvkami nebo kombinac\u00ed obou prvk\u016f. Dv\u00ed\u0159kov\u00e9 komody  U t\u011bchto komod mohou b\u00fdt dv\u00ed\u0159ka prosklen\u00e1 nebo nepr\u016fhledn\u00e1. Z\u00e1le\u017e\u00ed na tom, zda chcete, aby byl obsah viditeln\u00fd nebo schovan\u00fd. Dv\u00ed\u0159ka jsou v\u011bt\u0161inou oto\u010dn\u00e1, ale mohou b\u00fdt i posuvn\u00e1. Posuvn\u00e1 dv\u00ed\u0159ka jsou prakti\u010dt\u011bj\u0161\u00ed pro men\u0161\u00ed prostory. Z\u00e1suvkov\u00e9 komody Velice obl\u00edben\u00e9 jsou komody https:\/\/www.tmnabytek.cz\/nabytek\/komody, jejich z\u00e1suvky jsou \u0159e\u0161en\u00e9 v r\u016fzn\u00fdch velikostech. Nap\u0159\u00edklad v doln\u00ed \u010d\u00e1sti jedn\u00e1 velk\u00e1 z\u00e1suvka a sm\u011brem vzh\u016fru se z\u00e1suvky zmen\u0161uj\u00ed a jejich po\u010det p\u0159ib\u00fdv\u00e1. Vypad\u00e1 to nejen velice esteticky a zaj\u00edmav\u011b, ale tak\u00e9 je to praktick\u00e9. V doln\u00ed \u010d\u00e1sti mohou b\u00fdt ulo\u017een\u00e9 v\u011bci, kter\u00e9 nepot\u0159ebujete tak \u010dasto a jsou rozm\u011brn\u011bj\u0161\u00ed (lo\u017en\u00ed povle\u010den\u00ed, ru\u010dn\u00edky, osu\u0161ky) a v horn\u00edch z\u00e1suvk\u00e1ch budou k dispozici p\u0159edm\u011bty, kter\u00e9 pat\u0159\u00ed k v\u00edce frekventovan\u00fdm (osobn\u00ed pr\u00e1dlo, \u0161perky, drobnosti). Dokonal\u00fdm dopl\u0148kem komody se m\u016f\u017ee st\u00e1t osv\u011btlen\u00ed, kter\u00e9 podtrhne design tohoto n\u00e1bytku a vytvo\u0159\u00ed kr\u00e1snou atmosf\u00e9ru.                                                                                                                                                                                                                                                                                                                                                                                          4.4\/5 - (8 votes)        "},{"@context":"https:\/\/schema.org\/","@type":"BreadcrumbList","itemListElement":[{"@type":"ListItem","position":1,"name":"Podle \u010deho vyb\u00edrat n\u00e1bytek","item":"https:\/\/www.mechurova.cz\/podle-ceho-vybirat-nabytek\/#breadcrumbitem"}]}]