[{"@context":"https:\/\/schema.org\/","@type":"Article","@id":"https:\/\/www.mechurova.cz\/potrebuji-novy-fen\/#Article","mainEntityOfPage":"https:\/\/www.mechurova.cz\/potrebuji-novy-fen\/","headline":"Pot\u0159ebuji nov\u00fd f\u00e9n","name":"Pot\u0159ebuji nov\u00fd f\u00e9n","description":"Pro kade\u0159nici je f\u00e9n ka\u017edodenn\u00ed pracovn\u00ed pom\u016fckou, bez kter\u00e9 nem\u016f\u017ee pracovat, ale i v dom\u00e1cnostech se v\u011bt\u0161ina \u017een bez f\u00e9nu neobejde, kdy\u017e V\u00e1m star\u00fd...","datePublished":"2017-05-25","dateModified":"2023-05-02","author":{"@type":"Person","@id":"https:\/\/www.mechurova.cz\/author\/#Person","name":"","url":"https:\/\/www.mechurova.cz\/author\/","identifier":1,"image":{"@type":"ImageObject","@id":"https:\/\/secure.gravatar.com\/avatar\/06473a178d94fb830b46e277369729e9534f2612e261ec2f1ee96b672ef473e2?s=96&d=mm&r=g","url":"https:\/\/secure.gravatar.com\/avatar\/06473a178d94fb830b46e277369729e9534f2612e261ec2f1ee96b672ef473e2?s=96&d=mm&r=g","height":96,"width":96}},"publisher":{"@type":"Organization","name":"mechurova.cz","logo":{"@type":"ImageObject","@id":"\/logo.png","url":"\/logo.png","width":600,"height":60}},"image":{"@type":"ImageObject","@id":"https:\/\/www.mechurova.cz\/wp-content\/uploads\/img_a289543_w1950_t1500966773.jpg","url":"https:\/\/www.mechurova.cz\/wp-content\/uploads\/img_a289543_w1950_t1500966773.jpg","height":0,"width":0},"url":"https:\/\/www.mechurova.cz\/potrebuji-novy-fen\/","about":["V\u00fdrobky"],"wordCount":585,"articleBody":"Pro kade\u0159nici je f\u00e9n ka\u017edodenn\u00ed pracovn\u00ed pom\u016fckou, bez kter\u00e9 nem\u016f\u017ee pracovat, ale i v dom\u00e1cnostech se v\u011bt\u0161ina \u017een bez f\u00e9nu neobejde, kdy\u017e V\u00e1m star\u00fd doslou\u017e\u00ed, a\u0165 u\u017e doma, nebo profesion\u00e1ln\u00ed v kade\u0159nictv\u00ed, a p\u016fjdete vyb\u00edrat nov\u00fd, nen\u00ed to jen o tom, vz\u00edt ten nejlevn\u011bj\u0161\u00ed a j\u00edt, i f\u00e9n, p\u0159esto, \u017ee se nezd\u00e1 b\u00fdt tak d\u016fle\u017eit\u00fd, je nutn\u00e9 vyb\u00edrat pe\u010dliv\u011b.F\u00e9ny m\u016f\u017eeme vlastn\u011b podle pou\u017e\u00edv\u00e1n\u00ed rozd\u011blit na n\u011bkolik druh\u016f:F\u00e9ny pro dom\u00e1c\u00ed pou\u017eit\u00ed, f\u00e9ny cestovn\u00ed a samoz\u0159ejm\u011b f\u00e9ny profesion\u00e1ln\u00ed pro kade\u0159nice a kade\u0159n\u00edky, u ka\u017ed\u00e9ho f\u00e9nu je nutn\u00e9 koukat na jin\u00e9 vlastnosti, ur\u010dit\u011b si jako cestovn\u00ed nekoup\u00edte f\u00e9n v kade\u0159nick\u00fdch pot\u0159eb\u00e1ch za tis\u00edce korun s 3 metrov\u00fdm kabelem.F\u00e9ny pro dom\u00e1c\u00ed pou\u017eit\u00ed:&#8211;\u00a0\u00a0\u00a0\u00a0\u00a0\u00a0\u00a0 vyb\u00edrejte nejen podle vzhledu, ale tak\u00e9 v\u00e1hy, p\u0159edev\u0161\u00edm pokud nem\u00e1te \u00fapln\u011b kr\u00e1tk\u00e9 vlasy, proto\u017ee jejich f\u00e9nov\u00e1n\u00ed V\u00e1m n\u011bjakou dobu potrv\u00e1, a p\u0159ece jen, pokud si koup\u00edte f\u00e9n v\u00e1hov\u011b t\u011b\u017ek\u00fd, a f\u00e9nujete si vlasy \u010dasto, brzy to poc\u00edt\u00edte&#8211;\u00a0\u00a0\u00a0\u00a0\u00a0\u00a0\u00a0 p\u0159i v\u00fdb\u011bru mus\u00edte br\u00e1t ohled na V\u00e1\u0161 typ vlas\u016f, v dne\u0161n\u00ed dob\u011b si lze toti\u017e po\u0159\u00eddit speci\u00e1ln\u00ed p\u0159\u00edstroje pro hladk\u00e9, leskl\u00e9, barven\u00e9 vlasy apod.&#8211;\u00a0\u00a0\u00a0\u00a0\u00a0\u00a0\u00a0 chcete-li m\u00edt nad f\u00e9nov\u00e1n\u00edm dokonalou kontrolu, zvolte v\u00fdrobek s v\u00edce rychlostmi a nastaven\u00edmi teplot, teplota je d\u016fle\u017eit\u00e1, aby V\u00e1m f\u00e9nov\u00e1n\u00ed vlasy neni\u010dilo&#8211;\u00a0\u00a0\u00a0\u00a0\u00a0\u00a0\u00a0 d\u016fle\u017eit\u00e9 jsou rovn\u011b\u017e funkce dan\u00e9ho f\u00e9nu na vlasy jako nap\u0159. ionizace, kter\u00e1 se tak\u00e9 kladn\u011b podepisuje na zdrav\u00ed vlas\u016f&#8211;\u00a0\u00a0\u00a0\u00a0\u00a0\u00a0\u00a0 kdy\u017e si kupujeme novou v\u011bc, v\u0161ichni kouk\u00e1me na cenu, u f\u00e9nu za p\u00e1r stovek sice u\u0161et\u0159\u00edte, nicm\u00e9n\u011b na \u00fakor funk\u010dnosti a \u010dasto i zdrav\u00ed va\u0161ich vlas\u016f, a v\u011bt\u0161inou V\u00e1m levn\u00fd f\u00e9n op\u011bt moc dlouho ani nevydr\u017e\u00ed&#8211;\u00a0\u00a0\u00a0\u00a0\u00a0\u00a0\u00a0 u v\u011bt\u0161iny f\u00e9n\u016f b\u00fdv\u00e1 sou\u010d\u00e1st\u00ed tak\u00e9 difuz\u00e9r, ocen\u00ed ho p\u0159edev\u0161\u00edm \u017eeny s p\u0159irozen\u011b vlnit\u00fdmi vlasy&#8211;\u00a0\u00a0\u00a0\u00a0\u00a0\u00a0\u00a0 b\u011b\u017enou sou\u010d\u00e1st\u00ed f\u00e9n\u016f je dnes tak\u00e9 \u00fazk\u00e1 tryska, kter\u00e1 nasm\u011bruje proud vzduchu p\u0159esn\u011b tam, kde ho pot\u0159ebujete, n\u011bkter\u00e9 f\u00e9ny maj\u00ed je\u0161t\u011b ondula\u010dn\u00ed trysku pro lep\u0161\u00ed styling \u00fa\u010desu a na\u010dechr\u00e1n\u00ed \u010di zvln\u011bn\u00ed vlas\u016f, kart\u00e1\u010d pro zv\u011bt\u0161en\u00ed objemu nebo pro narovn\u00e1n\u00ed vlas\u016f.Cestovn\u00ed f\u00e9ny:&#8211;\u00a0\u00a0\u00a0\u00a0\u00a0\u00a0\u00a0 jsou men\u0161\u00ed variantou klasick\u00e9ho f\u00e9nu pro dom\u00e1c\u00ed pou\u017eit\u00ed, ale nenab\u00edz\u00ed tolik funkc\u00ed a jsou samoz\u0159ejm\u011b men\u0161\u00ed, a ani nejsou p\u0159\u00edli\u0161 drah\u00e9, nepo\u010d\u00edt\u00e1 se s jejich \u010dast\u00fdm pou\u017e\u00edv\u00e1n\u00edm&#8211;\u00a0\u00a0\u00a0\u00a0\u00a0\u00a0\u00a0 vyplat\u00ed se \u017een\u00e1m, kter\u00e9 jezd\u00ed \u010dast\u011bji na dovolenou nebo slu\u017eebn\u00ed cesty, a p\u0159ece s sebou nebudete vozit velk\u00fd f\u00e9n, kter\u00fd zbyte\u010dn\u011b zabere v\u00edc m\u00edsta.Profesion\u00e1ln\u00ed f\u00e9ny:&#8211;\u00a0\u00a0\u00a0\u00a0\u00a0\u00a0\u00a0 u t\u011bch u\u017e se klade d\u016fraz na mnohem v\u00edce funkc\u00ed, d\u016fle\u017eit\u00fd je p\u0159\u00edkon, dlouh\u00fd kabel, alespo\u0148 3 metry, a funkce, o kter\u00fdch si u dom\u00e1c\u00edho f\u00e9nu m\u016f\u017eete nechat jen zd\u00e1t, zpravidla ho ale po\u0159\u00edd\u00edte pouze v kade\u0159nick\u00fdch pot\u0159eb\u00e1ch a cena nen\u00ed zrovna n\u00edzk\u00e1.                                                                                                                                                                                                                                                                                                                                                                                        3.7\/5 - (10 votes)        "},{"@context":"https:\/\/schema.org\/","@type":"BreadcrumbList","itemListElement":[{"@type":"ListItem","position":1,"name":"Pot\u0159ebuji nov\u00fd f\u00e9n","item":"https:\/\/www.mechurova.cz\/potrebuji-novy-fen\/#breadcrumbitem"}]}]