[{"@context":"https:\/\/schema.org\/","@type":"Article","@id":"https:\/\/www.mechurova.cz\/pripravte-se-na-zimu-zavcas\/#Article","mainEntityOfPage":"https:\/\/www.mechurova.cz\/pripravte-se-na-zimu-zavcas\/","headline":"P\u0159ipravte se na zimu zav\u010das","name":"P\u0159ipravte se na zimu zav\u010das","description":"M\u016f\u017ee se v\u00e1m snad zd\u00e1t, \u017ee je brzo. V\u017edy\u0165 venku \u0159\u00e1d\u00ed letn\u00ed teploty a v\u011bt\u0161ina z n\u00e1s tr\u00e1v\u00ed voln\u00fd \u010das n\u011bkde u vody nebo...","datePublished":"2025-04-24","dateModified":"2025-04-24","author":{"@type":"Person","@id":"https:\/\/www.mechurova.cz\/author\/#Person","name":"","url":"https:\/\/www.mechurova.cz\/author\/","identifier":1,"image":{"@type":"ImageObject","@id":"https:\/\/secure.gravatar.com\/avatar\/06473a178d94fb830b46e277369729e9534f2612e261ec2f1ee96b672ef473e2?s=96&d=mm&r=g","url":"https:\/\/secure.gravatar.com\/avatar\/06473a178d94fb830b46e277369729e9534f2612e261ec2f1ee96b672ef473e2?s=96&d=mm&r=g","height":96,"width":96}},"publisher":{"@type":"Organization","name":"mechurova.cz","logo":{"@type":"ImageObject","@id":"\/logo.png","url":"\/logo.png","width":600,"height":60}},"url":"https:\/\/www.mechurova.cz\/pripravte-se-na-zimu-zavcas\/","wordCount":168,"articleBody":"M\u016f\u017ee se v\u00e1m snad zd\u00e1t, \u017ee je brzo. V\u017edy\u0165 venku \u0159\u00e1d\u00ed letn\u00ed teploty a v\u011bt\u0161ina z n\u00e1s tr\u00e1v\u00ed voln\u00fd \u010das n\u011bkde u vody nebo rovnou odjela na dovolenou u\u017e\u00edvat si tepla a slun\u00ed\u010dka. Ale v\u0161echno jednou pomine a l\u00e9to skon\u010d\u00ed, ne\u017e si to uv\u011bdom\u00edme. V\u017edy\u0165 co nevid\u011bt za\u010dneme poci\u0165ovat chladn\u00e1 r\u00e1na a ve\u010dery, po\u0161mourno, de\u0161tivo a celkov\u00e9 ochlazen\u00ed i b\u011bhem dne na sebe nenech\u00e1 dlouho \u010dekat. Proto je t\u0159eba se na nastupuj\u00edc\u00ed zimu zav\u010das p\u0159ipravit. Bu\u010fte elegantn\u00ed i v chladn\u00e9m po\u010das\u00ed M\u00f3da na\u0161t\u011bst\u00ed pokro\u010dila a pamatuje na \u017eensk\u00e9 tvary, tak\u017ee d\u00e1msk\u00e9 bundy nemus\u00ed v dne\u0161n\u00ed dob\u011b vypadat jako pytel a nemus\u00ed na n\u00e1s neforemn\u011b viset a plandat. Naopak! \u010casto to jsou velice elegantn\u00ed kousky, kter\u00e9 \u017eensk\u00e9 tvary naopak zd\u016fraz\u0148uj\u00ed. Tak pro\u010d si n\u011bjakou takovou nevybrat tak\u00e9?                                                                                                                                                                                                                                                                                                                                                                                                "},{"@context":"https:\/\/schema.org\/","@type":"BreadcrumbList","itemListElement":[{"@type":"ListItem","position":1,"name":"P\u0159ipravte se na zimu zav\u010das","item":"https:\/\/www.mechurova.cz\/pripravte-se-na-zimu-zavcas\/#breadcrumbitem"}]}]