[{"@context":"https:\/\/schema.org\/","@type":"Article","@id":"https:\/\/www.mechurova.cz\/tesime-se-na-jaro\/#Article","mainEntityOfPage":"https:\/\/www.mechurova.cz\/tesime-se-na-jaro\/","headline":"T\u011b\u0161\u00edme se na jaro","name":"T\u011b\u0161\u00edme se na jaro","description":"V zim\u011b zahrada sp\u00ed. P\u016fda odpo\u010d\u00edv\u00e1 cel\u00e1 zmrzl\u00e1, nebo pod b\u00edlou pe\u0159inou. Na zeleninov\u00fdch z\u00e1honech se n\u011bkde je\u0161t\u011b kr\u010d\u00ed kapusti\u010dky a zapomenut\u00fd p\u00f3rek. O...","datePublished":"2019-12-11","dateModified":"2023-05-02","author":{"@type":"Person","@id":"https:\/\/www.mechurova.cz\/author\/#Person","name":"","url":"https:\/\/www.mechurova.cz\/author\/","identifier":1,"image":{"@type":"ImageObject","@id":"https:\/\/secure.gravatar.com\/avatar\/06473a178d94fb830b46e277369729e9534f2612e261ec2f1ee96b672ef473e2?s=96&d=mm&r=g","url":"https:\/\/secure.gravatar.com\/avatar\/06473a178d94fb830b46e277369729e9534f2612e261ec2f1ee96b672ef473e2?s=96&d=mm&r=g","height":96,"width":96}},"publisher":{"@type":"Organization","name":"mechurova.cz","logo":{"@type":"ImageObject","@id":"\/logo.png","url":"\/logo.png","width":600,"height":60}},"image":{"@type":"ImageObject","@id":"https:\/\/www.mechurova.cz\/wp-content\/uploads\/img_a365891_w4422_t1578558511.jpg","url":"https:\/\/www.mechurova.cz\/wp-content\/uploads\/img_a365891_w4422_t1578558511.jpg","height":0,"width":0},"url":"https:\/\/www.mechurova.cz\/tesime-se-na-jaro\/","about":["D\u016fm a zahrada"],"wordCount":441,"articleBody":"V zim\u011b zahrada sp\u00ed. P\u016fda odpo\u010d\u00edv\u00e1 cel\u00e1 zmrzl\u00e1, nebo pod b\u00edlou pe\u0159inou. Na zeleninov\u00fdch z\u00e1honech se n\u011bkde je\u0161t\u011b kr\u010d\u00ed kapusti\u010dky a zapomenut\u00fd p\u00f3rek. O kousek d\u00e1l se v p\u016fd\u011b schov\u00e1vaj\u00ed sotva zako\u0159en\u011bn\u00e9 strou\u017eky \u010desneku, kter\u00e9 s prvn\u00edm jarn\u00edm sluncem vykouknou na sv\u011bt. Ke\u0159e jsou hol\u00e9 a smutn\u00e9, n\u011bkter\u00e9 kv\u011btinov\u00e9 z\u00e1hony jsou schovan\u00e9 pod opadan\u00fdm list\u00edm a v\u011btvi\u010dkami chvoj\u00ed.Pokud jsme nestihli uklidit sklen\u00edky, m\u016f\u017eeme vyu\u017e\u00edt teplej\u0161\u00edch dn\u016f a napravit to. Hl\u00ednu je pot\u0159eba obohatit \u017eivinami, vydezinfikovat ji m\u016f\u017eeme dus\u00edkat\u00fdm v\u00e1pnem, nebo ji odlo\u017eit ven ze sklen\u00edku a nechat ji po\u0159\u00e1dn\u011b promrznout, abychom k n\u00ed na ja\u0159e p\u0159im\u00edchali kompost a \u010derstvou zeminu a vr\u00e1tili zp\u011bt do sklen\u00edku.Z v\u011btv\u00ed jehli\u010dnan\u016f, neopadav\u00fdch listn\u00e1\u010d\u016f, \u0161i\u0161ek a bobul\u00ed, kter\u00e9 najdeme je\u0161t\u011b venku, m\u016f\u017eeme vyzdobit p\u00e1r truhl\u00edk\u016f na venkovn\u00ed parapety oken.D\u00e1me do po\u0159\u00e1dku v\u0161echny pr\u00e1zdn\u00e9 kv\u011btin\u00e1\u010de. Po\u0161kozen\u00e9 kusy oprav\u00edme nebo vyhod\u00edme. V\u0161echno pot\u0159ebn\u00e9 pro dal\u0161\u00ed sez\u00f3nu o\u010dist\u00edme a srovn\u00e1me. N\u00e1\u0159ad\u00ed prohl\u00e9dneme, oprav\u00edme n\u00e1sady.M\u016f\u017eeme si do v\u00e1zy k rychlen\u00ed natrhat v\u011btvi\u010dky ovocn\u00fdch strom\u016f (nejen barborky) a okrasn\u00fdch ke\u0159\u016f. Vyb\u00edr\u00e1me v\u011btvi\u010dky s mnoha pupeny a na p\u00e1r hodin v\u00e1zu nech\u00e1me n\u011bkde v chladn\u011bj\u0161\u00ed m\u00edstnosti, aby si v\u011btve zvykly na vy\u0161\u0161\u00ed teplotu. Pot\u00e9 je p\u0159eneseme do obytn\u00e9 \u010d\u00e1sti na sv\u011btl\u00e9 m\u00edsto, d\u00e1l od zdroje tepla. Pokud se budeme starat o v\u00fdm\u011bnu vody a se\u0159e\u017eeme stonky na co nejv\u011bt\u0161\u00ed plochu, za t\u0159i t\u00fddny n\u00e1m o\u017eiv\u00ed interi\u00e9r.Do kv\u011btin\u00e1\u010d\u016f si m\u016f\u017eeme d\u00e1t k rychlen\u00ed cibulky krokus\u016f, narcis\u016f nebo hyacint\u016f.M\u00e1me dost \u010dasu, abychom si napl\u00e1novali, co a kde budeme p\u011bstovat a co do dom\u00e1cnosti pot\u0159ebujeme. Zkontrolujeme si zbylou z\u00e1sobu semen z minul\u00e9 sez\u00f3ny a zap\u00e1tr\u00e1me na internetu po atraktivn\u00edm speci\u00e1ln\u00edm osivu, kter\u00fdm si o\u017eiv\u00edme st\u00e1l\u00fd sortiment na z\u00e1honech. Za\u010d\u00e1tkem jara se m\u016f\u017eete pod\u00edvat na n\u011bkter\u00e9 opravdu zaj\u00edmav\u00e9 nab\u00eddky semen v asijsk\u00fdch internetov\u00fdch obchodech. Ale asi je jasn\u00e9, \u017ee ze sem\u00ednek nevyp\u011bstujeme h\u0159iby a r\u016fzn\u00e9 asijsk\u00e9 speciality. Je to sp\u00ed\u0161 pro pobaven\u00ed.                                                                                                                                                                                                                                                                                                                                                                                        4\/5 - (5 votes)        "},{"@context":"https:\/\/schema.org\/","@type":"BreadcrumbList","itemListElement":[{"@type":"ListItem","position":1,"name":"T\u011b\u0161\u00edme se na jaro","item":"https:\/\/www.mechurova.cz\/tesime-se-na-jaro\/#breadcrumbitem"}]}]