[{"@context":"https:\/\/schema.org\/","@type":"Article","@id":"https:\/\/www.mechurova.cz\/valka-neni-spravne-reseni\/#Article","mainEntityOfPage":"https:\/\/www.mechurova.cz\/valka-neni-spravne-reseni\/","headline":"V\u00e1lka nen\u00ed spr\u00e1vn\u00e9 \u0159e\u0161en\u00ed","name":"V\u00e1lka nen\u00ed spr\u00e1vn\u00e9 \u0159e\u0161en\u00ed","description":"Lidi si vol\u00ed politiky, aby m\u011bli n\u011bkoho, kdo by je na nejvy\u0161\u0161\u00ed \u00farovni zastupoval. A kdy\u017e se politici zvol\u00ed, m\u011bli by se starat o...","datePublished":"2021-11-07","dateModified":"2023-05-02","author":{"@type":"Person","@id":"https:\/\/www.mechurova.cz\/author\/#Person","name":"","url":"https:\/\/www.mechurova.cz\/author\/","identifier":1,"image":{"@type":"ImageObject","@id":"https:\/\/secure.gravatar.com\/avatar\/06473a178d94fb830b46e277369729e9534f2612e261ec2f1ee96b672ef473e2?s=96&d=mm&r=g","url":"https:\/\/secure.gravatar.com\/avatar\/06473a178d94fb830b46e277369729e9534f2612e261ec2f1ee96b672ef473e2?s=96&d=mm&r=g","height":96,"width":96}},"publisher":{"@type":"Organization","name":"mechurova.cz","logo":{"@type":"ImageObject","@id":"\/logo.png","url":"\/logo.png","width":600,"height":60}},"image":{"@type":"ImageObject","@id":"https:\/\/www.mechurova.cz\/wp-content\/uploads\/politika4.jpg","url":"https:\/\/www.mechurova.cz\/wp-content\/uploads\/politika4.jpg","height":0,"width":0},"url":"https:\/\/www.mechurova.cz\/valka-neni-spravne-reseni\/","about":["Politika"],"wordCount":440,"articleBody":"Lidi si vol\u00ed politiky, aby m\u011bli n\u011bkoho, kdo by je na nejvy\u0161\u0161\u00ed \u00farovni zastupoval. A kdy\u017e se politici zvol\u00ed, m\u011bli by se starat o to, aby se jejich lidem co nejl\u00edp \u017eilo. M\u011bli by se starat o blaho sv\u00fdch voli\u010d\u016f. Takov\u00e1 by m\u011bla politika b\u00fdt. Jenom\u017ee v\u00edme, \u017ee takov\u00e1 nen\u00ed.U n\u00e1s u\u017e jsme si bohu\u017eel pomalu zvykli na to, \u017ee jde politik\u016fm hlavn\u011b o jejich koryta. \u017de ti, kdo se dost\u00e1vaj\u00ed k\u00a0moci, usiluj\u00ed hlavn\u011b o svoje blaho. A lidi jsou na druh\u00e9 koleji. O lidi p\u0159ece nejde, ti je zvol\u00ed zase. Zvol\u00ed je, proto\u017ee kdyby zvolili n\u011bkoho jin\u00e9ho, stejn\u011b si nepolep\u0161\u00ed. Kdyby se to ve volb\u00e1ch obr\u00e1tilo, p\u0159ijdou jin\u00ed a mo\u017en\u00e1 je\u0161t\u011b hor\u0161\u00ed. A ti, kter\u00e9 by lidi nezvolili, by si na\u0161li n\u011bjak\u00e9 jin\u00e9 tepl\u00e9 m\u00edsto a tam se po\u010dk\u00e1, ne\u017e se na jejich h\u0159\u00edchy zapomene a voli\u010di jim zase daj\u00ed sv\u016fj hlas.Je to zl\u00e9. Ale je\u0161t\u011b to nen\u00ed to nejhor\u0161\u00ed. Ono se toti\u017e snad v\u017edycky najde v\u00a0politice i p\u00e1r \u0161\u00edlenc\u016f, kte\u0159\u00ed lidem nejenom neprosp\u00edvaj\u00ed, ale v\u011bdom\u011b jim i \u0161kod\u00ed. Co je jim do lid\u00ed? To je p\u0159ece jenom n\u011bkdo tam dole, na koho nen\u00ed t\u0159eba br\u00e1t ohledy. A takov\u00ed politici jsou pak schopn\u00ed klidn\u011b i vehnat svoj\u00ed zemi do v\u00e1lky. I kdy\u017e v\u0161ichni v\u00ed, \u017ee ve v\u00e1lk\u00e1ch nejsou v\u00edt\u011bzov\u00e9, ale jenom pora\u017een\u00ed. Jedni sice nakonec vyhraj\u00ed, ale kdy\u017e to pak vid\u00edme, je v\u0161em h\u016f\u0159. I v\u00edt\u011bz\u016fm, i pora\u017een\u00fdm.A tak se dneska rozhodli tam na v\u00fdchod\u011b, \u017ee si zase zav\u00e1l\u010d\u00ed. Tentokr\u00e1t Rusko s\u00a0Ukrajinou. N\u011bkdo tam naho\u0159e usoudil, \u017ee u\u017e tam byl dlouho klid, a t\u0159eba z\u00a0toho vyt\u0159\u00edsk\u00e1 i n\u011bjak\u00fd ten politick\u00fd kapit\u00e1l. A co lidi dole? Ti trp\u00ed. Str\u00e1daj\u00ed, prchaj\u00ed, um\u00edraj\u00ed. Ale t\u011bm naho\u0159e, politik\u016fm, je to z\u0159ejm\u011b jedno. Kdyby jim to jedno nebylo, u\u017e d\u00e1vno by s\u00a0t\u00edm p\u0159ece p\u0159estali. Nebo by s\u00a0t\u00edm ani neza\u010dali.\u00a0Vt\u00e1hli do toho konfliktu u\u017e velkou \u010d\u00e1st sv\u011bta. A nikdo nev\u00ed, jak daleko to zajde. Ale m\u00edr je po\u0159\u00e1d je\u0161t\u011b v\u00a0nedohlednu. Politik\u016fm to toti\u017e asi vyhovuje. Lov\u00ed v\u00a0kaln\u00fdch vod\u00e1ch a asi z\u00a0toho n\u011bco maj\u00ed. N\u011bco lep\u0161\u00edho ne\u017e lidi dole. Kte\u0159\u00ed je zvolili. Ke svoj\u00ed sm\u016fle.                                                                                                                                                                                                                                                                                                                                                                                        3.5\/5 - (6 votes)        "},{"@context":"https:\/\/schema.org\/","@type":"BreadcrumbList","itemListElement":[{"@type":"ListItem","position":1,"name":"V\u00e1lka nen\u00ed spr\u00e1vn\u00e9 \u0159e\u0161en\u00ed","item":"https:\/\/www.mechurova.cz\/valka-neni-spravne-reseni\/#breadcrumbitem"}]}]